{"id":1113241,"date":"2026-04-28T22:02:31","date_gmt":"2026-04-29T01:02:31","guid":{"rendered":"https:\/\/caravanagrupoeditorial.com\/?p=1113241"},"modified":"2026-04-28T22:02:32","modified_gmt":"2026-04-29T01:02:32","slug":"estan-tocando-nuestra-cancion","status":"publish","type":"post","link":"https:\/\/caravanagrupoeditorial.com\/es_cl\/estan-tocando-nuestra-cancion\/","title":{"rendered":"\u00bfEst\u00e1n tocando nuestra canci\u00f3n?"},"content":{"rendered":"<p style=\"text-align: justify;\">El equilibrio entre la letra y m\u00fasica, las im\u00e1genes po\u00e9ticas y la sonoridad que acompa\u00f1a al texto son algunos de los elementos que pueden hacer de la canci\u00f3n una compa\u00f1\u00eda imprescindible. Por su estructura la canci\u00f3n aporta elementos a la construcci\u00f3n del lenguaje que pueden incluir desde la m\u00e1s profunda identificaci\u00f3n hasta el m\u00e1s radical de los distanciamientos. La canci\u00f3n tiene su propia l\u00f3gica po\u00e9tica. <\/br>\n<\/br>\nDesde la perspectiva de la interpretaci\u00f3n, introduce unidad de tiempo y lugar ya que sucede y concluye, tiene un comienzo, un desarrollo y un final.<\/br>\n<\/br>\nUna canci\u00f3n puede proporcionarnos un estado para un personaje o una escena. Puede transformarse en un recuerdo, tal como si estuvi\u00e9ramos contemplando una fotograf\u00eda. Puede llegar a ser insoportablemente triste o convertirse en un b\u00e1lsamo. Puede repetirse hasta el hartazgo y llegar al aburrimiento hasta perder el sentido. Una canci\u00f3n puede ser puro juego hasta volverse puro ritmo. Puede ser el remate de una escena de amor, o tambi\u00e9n, seg\u00fan el tono que utilice, transformar una escena tr\u00e1gica en una farsa.<\/br>\n<\/br>\nEl mito de Orfeo, el m\u00fasico solitario capaz de conmover con los sonidos de su lira a los animales, los \u00e1rboles y hasta las piedras inspir\u00f3 innumerables versiones especialmente para la \u00f3pera, un g\u00e9nero que es a la vez texto y m\u00fasica esc\u00e9nica.<\/br>\n<\/br>\nLa primera \u00f3pera, Eur\u00eddice, con m\u00fasica de Jacopo Peri y libreto del poeta Ottavio Rinuccini y se basa en la historia de amor entre Orfeo y la ninfa Eur\u00eddice.<\/br>\n<\/br>\nSeg\u00fan la leyenda, al morir Eur\u00eddice v\u00edctima de la picadura de una serpiente, Orfeo toc\u00f3 y cant\u00f3 canciones tan tristes que los dioses lloraron y le permitieron que descendiera al inframundo en busca de su amada. Conmovidos, le permitieron a Eur\u00eddice que volviera con Orfeo al mundo de los vivos, pero con la condici\u00f3n de que \u00e9l caminase delante de ella y no mirase atr\u00e1s hasta que hubieran alcanzado la luz del sol.<\/br>\n<\/br>\nOrfeo no volvi\u00f3 la cabeza en todo el trayecto, pero cuando llegaron, se volvi\u00f3, ansioso para ver a su amada, y como ella todav\u00eda no hab\u00eda sido completamente ba\u00f1ada por la luz del sol se desvaneci\u00f3 en el aire, esa vez para siempre.<\/br>\nClaudio Monteverdi escribi\u00f3 la m\u00fasica para La favola d&#8217;Orfeo, una \u00f3pera con un pr\u00f3logo y cinco      actos con libreto de Alessandro Striggio, compuesta para los carnavales de Mantua en 1607.<\/br>\n<\/br>\nMonteverdi hab\u00eda trabajado como m\u00fasico en la corte de los Gonzaga durante 16 a\u00f1os, gran parte de ellos dedicados a interpretar o arreglar m\u00fasica esc\u00e9nica. Gonzaga, duque de Mantua y su corte asistieron a la representaci\u00f3n de Euridice de Jacopo Peri. Debido al \u00e9xito de la obra de Peri, Gonzaga pidi\u00f3 a Monteverdi componer una \u00f3pera basada en el mismo mito.<\/br>\n<\/br>\nLos elementos a partir de los cuales Monteverdi construy\u00f3 la partitura de su primera \u00f3pera: el aria, la canci\u00f3n estr\u00f3fica, el recitativo, los coros, las danzas y los interludios musicales dram\u00e1ticos, no fueron creados por \u00e9l, pero, como ha se\u00f1alado el director Nikolaus Harnoncourt: &#8220;\u00e9l mezcl\u00f3 todo ese conjunto de posibilidades nuevas y viejas en una unidad que era verdaderamente nueva&#8221;. <\/br>\n<\/br>\nEl tema se puso de moda en el teatro musical del siglo XVIII. Es un ejemplo el Orfeo y Eur\u00eddice de Gluck, representante de la reforma que intenta mantener una relaci\u00f3n equilibrada entre la m\u00fasica y el texto dram\u00e1tico.<\/br>\n<\/br>\nEs probable que el tema haya inspirado tantas versiones durante toda la fase inicial de la historia de la \u00f3pera, porque la presencia de un m\u00fasico como protagonista pod\u00eda satisfacer el principio de verosimilitud.<\/br>\n<\/br>\nEn el siglo XIX la f\u00e1bula de Orfeo vuelve a ser revisada para el teatro por Jacques Offenbach, en clave de parodia, y en el siglo XX \u00cdgor Stravinski retoma el tema para uno de los trabajos m\u00e1s importantes de su per\u00edodo neocl\u00e1sico.<\/br>\n<\/br>\nEn el comienzo del Orfeo de Monteverdi, la Diosa de la M\u00fasica se presenta con las palabras:\n<i>Io sono la m\u00fasica. (Yo soy la m\u00fasica).<\/i><\/br>\n<\/br>\nEste personaje, heredero de la m\u00e1scara en la tragedia griega oficia la funci\u00f3n dram\u00e1tica del Pr\u00f3logo. Esta figura, que aparece frecuentemente en las obras de Shakespeare, un tiempo despu\u00e9s se har\u00eda pr\u00e1cticamente impensable. \u00bfQu\u00e9 funci\u00f3n podr\u00eda cumplir un personaje de estas caracter\u00edsticas cuando la escena empieza a concebir el concepto de cuarta pared? <\/br>\n<\/br>\nA partir del advenimiento de las vanguardias del siglo XX es que este personaje se desdobla y se representa a s\u00ed mismo Yo, el actor, soy la m\u00fasica, introduciendo el efecto de distanciamiento. Este extra\u00f1amiento de la escena, consigue a la vez, perturbar y participar al espectador en su relaci\u00f3n con la ficci\u00f3n.<\/br>\n<\/br>\nComo vemos, la resignificaci\u00f3n de Eros en Cupido y el mito de Orfeo motivan las primeras experiencias de lo que m\u00e1s tarde se convertir\u00eda en la gran \u00f3pera: una relectura de los elementos del teatro cl\u00e1sico griego, una b\u00fasqueda est\u00e9tica que contin\u00faa su evoluci\u00f3n y llega a su apogeo entre los siglos XVIII y XIX.<\/br>\n<\/br>\nUn siglo m\u00e1s tarde el Romanticismo, como resultado del movimiento que se genera bajo el concepto de Sturm und Drang (tormenta y pasi\u00f3n) marcar\u00e1 la identidad del artista rompiendo estructuras. La figura del artista se independiza del contexto burgu\u00e9s y deviene en una figura solitaria y marginal. Es el apogeo de la novela y el melodrama.<\/br>\n<\/br>\nEn la variedad de los g\u00e9neros musicales, desde la balada hasta la \u00f3pera, la composici\u00f3n de la m\u00fasica y la escritura de la letra han creado binomios excepcionales, exitosos y tan inolvidables como los y las int\u00e9rpretes que les ofrecieron sus tonos de voz, su fraseo y su color personal. <\/br>\n<\/br>\nCada traducci\u00f3n, cada reversi\u00f3n, cada nueva apuesta a un cl\u00e1sico o a un nuevo estilo guarda algo de su versi\u00f3n anterior o propone un cambio. \u00bfC\u00f3mo darnos cuenta si en verdad est\u00e1n tocando nuestra canci\u00f3n?, \u00bfes acaso aquella que nos emocion\u00f3 por primera vez, la que nos vuelve al recuerdo, la que nos ofrece una nueva oportunidad de volver al baile de la vida?, \u00bfo simplemente es una melod\u00eda de fondo que nos acompa\u00f1a en las acciones cotidianas y que repetimos cuando estamos solos para tener compa\u00f1\u00eda?<\/br>\n<\/br>\nEsto no pretende convertirse en un ensayo, sino de encontrarnos con algo cercano a lo que solemos llamar la inspiraci\u00f3n, quiz\u00e1s tambi\u00e9n, en una forma de pensar y preguntarnos sobre la estructura po\u00e9tica de la canci\u00f3n como una forma de texto con diferentes capas de complejidad. Por eso antes de concluir volvamos por un momento a Orfeo. \u00bfPorque Orfeo se da vuelta para mirar a Eur\u00eddice y complicar as\u00ed las cosas?<\/br>\n<\/br>\nEs probable que Orfeo no tenga opci\u00f3n. Seg\u00fan el dictamen de los dioses si mira a su amada la pierde, pero resulta que, si no la mira, si no le muestra su amor, tambi\u00e9n la pierde.<\/br>\n<\/br>\nPodr\u00edamos pensar entonces que a cambio de esa p\u00e9rdida irreparable Orfeo obtiene el don de la inspiraci\u00f3n, la posibilidad de componer las canciones m\u00e1s conmovedoras que a\u00fan en la m\u00e1s rec\u00f3ndita soledad, siempre ser\u00e1n dirigidas a alguien.<\/p>\n\n\n\n<div class=\"wp-block-media-text alignwide is-stacked-on-mobile\" style=\"grid-template-columns:44% auto\"><figure class=\"wp-block-media-text__media\"><img data-recalc-dims=\"1\" loading=\"lazy\" decoding=\"async\" width=\"800\" height=\"800\" src=\"https:\/\/i0.wp.com\/caravanagrupoeditorial.com\/wp-content\/uploads\/2026\/04\/Laura-Ines-Gutman.jpg?resize=800%2C800&#038;ssl=1\" alt=\"\" class=\"wp-image-1113243 size-full\" srcset=\"https:\/\/i0.wp.com\/caravanagrupoeditorial.com\/wp-content\/uploads\/2026\/04\/Laura-Ines-Gutman.jpg?resize=800%2C800&amp;ssl=1 800w, https:\/\/i0.wp.com\/caravanagrupoeditorial.com\/wp-content\/uploads\/2026\/04\/Laura-Ines-Gutman.jpg?resize=400%2C400&amp;ssl=1 400w, https:\/\/i0.wp.com\/caravanagrupoeditorial.com\/wp-content\/uploads\/2026\/04\/Laura-Ines-Gutman.jpg?resize=150%2C150&amp;ssl=1 150w, https:\/\/i0.wp.com\/caravanagrupoeditorial.com\/wp-content\/uploads\/2026\/04\/Laura-Ines-Gutman.jpg?resize=768%2C768&amp;ssl=1 768w, https:\/\/i0.wp.com\/caravanagrupoeditorial.com\/wp-content\/uploads\/2026\/04\/Laura-Ines-Gutman.jpg?resize=1536%2C1536&amp;ssl=1 1536w, https:\/\/i0.wp.com\/caravanagrupoeditorial.com\/wp-content\/uploads\/2026\/04\/Laura-Ines-Gutman.jpg?resize=12%2C12&amp;ssl=1 12w, https:\/\/i0.wp.com\/caravanagrupoeditorial.com\/wp-content\/uploads\/2026\/04\/Laura-Ines-Gutman.jpg?resize=510%2C510&amp;ssl=1 510w, https:\/\/i0.wp.com\/caravanagrupoeditorial.com\/wp-content\/uploads\/2026\/04\/Laura-Ines-Gutman.jpg?resize=100%2C100&amp;ssl=1 100w, https:\/\/i0.wp.com\/caravanagrupoeditorial.com\/wp-content\/uploads\/2026\/04\/Laura-Ines-Gutman.jpg?resize=64%2C64&amp;ssl=1 64w, https:\/\/i0.wp.com\/caravanagrupoeditorial.com\/wp-content\/uploads\/2026\/04\/Laura-Ines-Gutman.jpg?w=1942&amp;ssl=1 1942w\" sizes=\"auto, (max-width: 800px) 100vw, 800px\" \/><\/figure><div class=\"wp-block-media-text__content\">\n<p>Laura In\u00e9s Gutman es licenciada en Artes del Movimiento por la UNA, diplomada en Bibliotecolog\u00eda Social por la UBA y poseedora del Diploma Superior en Cultura y Narrativas para la Infancia y Juventud por FLACSO. Es autora de obras teatrales y adaptaciones de textos para el escenario. En 2024, public\u00f3 &#8220;El trueque&#8221;, su primera novela. Con Cabur\u00e9 Editorial, public\u00f3 &#8220;El arte del Kintsugi&#8221;.<\/p>\n<\/div><\/div>","protected":false},"excerpt":{"rendered":"<p>El equilibrio entre la letra y m\u00fasica, las im\u00e1genes po\u00e9ticas y la sonoridad que acompa\u00f1a al texto son algunos de los elementos que pueden hacer de la canci\u00f3n una compa\u00f1\u00eda<\/p>","protected":false},"author":1,"featured_media":1113242,"comment_status":"closed","ping_status":"closed","sticky":false,"template":"","format":"standard","meta":{"_acf_changed":false,"jetpack_post_was_ever_published":false,"_jetpack_newsletter_access":"","_jetpack_dont_email_post_to_subs":false,"_jetpack_newsletter_tier_id":0,"_jetpack_memberships_contains_paywalled_content":false,"_jetpack_memberships_contains_paid_content":false,"_joinchat":[],"footnotes":""},"categories":[20603],"tags":[],"class_list":["post-1113241","post","type-post","status-publish","format-standard","has-post-thumbnail","hentry","category-cronicas-editoriais"],"acf":[],"yoast_head":"<!-- This site is optimized with the Yoast SEO plugin v27.2 - https:\/\/yoast.com\/product\/yoast-seo-wordpress\/ -->\n<title>\u00bfEst\u00e1n tocando nuestra canci\u00f3n? - Caravana Grupo Editorial<\/title>\n<meta name=\"description\" content=\"Na \u00faltima FLIP (novembro de 2023) participei da mesa que fez bastante sucesso. A quest\u00e3o era: Como nasce um romance? Esta \u00e9 uma pergunta que nos leva aos tantos mist\u00e9rios que a vida engloba. Com o livro pronto, o pr\u00f3prio autor j\u00e1 n\u00e3o se lembra das pequenas inspira\u00e7\u00f5es que o envolveram para que criasse cada momento da hist\u00f3ria. Como escrevo romances policiais, come\u00e7o criando uma estrutura de come\u00e7o, meio e fim ou crime, investiga\u00e7\u00e3o e solu\u00e7\u00e3o. Pego um fato real, que seleciono entre as tantas trag\u00e9dias que s\u00e3o noticiadas pela m\u00eddia, e parto para a fic\u00e7\u00e3o. Da\u00ed, qualquer semelhan\u00e7a com a realidade \u00e9 mera coincid\u00eancia. Quando monto a estrutura, o que preciso saber \u00e9 o que o leitor vai perguntar durante toda a leitura: Quem \u00e9 o assassino(a)? Eu, como autora, tenho de saber quem matou para ir levando a hist\u00f3ria nessa dire\u00e7\u00e3o.\" \/>\n<meta name=\"robots\" content=\"index, follow, max-snippet:-1, max-image-preview:large, max-video-preview:-1\" \/>\n<link rel=\"canonical\" href=\"https:\/\/caravanagrupoeditorial.com\/es_cl\/estan-tocando-nuestra-cancion\/\" \/>\n<meta property=\"og:locale\" content=\"es_ES\" \/>\n<meta property=\"og:type\" content=\"article\" \/>\n<meta property=\"og:title\" content=\"\u00bfEst\u00e1n tocando nuestra canci\u00f3n? - Caravana Grupo Editorial\" \/>\n<meta property=\"og:description\" content=\"Na \u00faltima FLIP (novembro de 2023) participei da mesa que fez bastante sucesso. A quest\u00e3o era: Como nasce um romance? Esta \u00e9 uma pergunta que nos leva aos tantos mist\u00e9rios que a vida engloba. Com o livro pronto, o pr\u00f3prio autor j\u00e1 n\u00e3o se lembra das pequenas inspira\u00e7\u00f5es que o envolveram para que criasse cada momento da hist\u00f3ria. Como escrevo romances policiais, come\u00e7o criando uma estrutura de come\u00e7o, meio e fim ou crime, investiga\u00e7\u00e3o e solu\u00e7\u00e3o. Pego um fato real, que seleciono entre as tantas trag\u00e9dias que s\u00e3o noticiadas pela m\u00eddia, e parto para a fic\u00e7\u00e3o. Da\u00ed, qualquer semelhan\u00e7a com a realidade \u00e9 mera coincid\u00eancia. Quando monto a estrutura, o que preciso saber \u00e9 o que o leitor vai perguntar durante toda a leitura: Quem \u00e9 o assassino(a)? Eu, como autora, tenho de saber quem matou para ir levando a hist\u00f3ria nessa dire\u00e7\u00e3o.\" \/>\n<meta property=\"og:url\" content=\"https:\/\/caravanagrupoeditorial.com\/es_cl\/estan-tocando-nuestra-cancion\/\" \/>\n<meta property=\"og:site_name\" content=\"Caravana Grupo Editorial\" \/>\n<meta property=\"article:publisher\" content=\"https:\/\/www.facebook.com\/caravanagrupoeditorial\" \/>\n<meta property=\"article:published_time\" content=\"2026-04-29T01:02:31+00:00\" \/>\n<meta property=\"article:modified_time\" content=\"2026-04-29T01:02:32+00:00\" \/>\n<meta property=\"og:image\" content=\"https:\/\/caravanagrupoeditorial.com\/wp-content\/uploads\/2026\/04\/BANNER-2.png\" \/>\n\t<meta property=\"og:image:width\" content=\"1080\" \/>\n\t<meta property=\"og:image:height\" content=\"1080\" \/>\n\t<meta property=\"og:image:type\" content=\"image\/png\" \/>\n<meta name=\"author\" content=\"caravanagrupoedi\" \/>\n<meta name=\"twitter:card\" content=\"summary_large_image\" \/>\n<meta name=\"twitter:label1\" content=\"Escrito por\" \/>\n\t<meta name=\"twitter:data1\" content=\"caravanagrupoedi\" \/>\n\t<meta name=\"twitter:label2\" content=\"Tiempo estimado de lectura\" \/>\n\t<meta name=\"twitter:data2\" content=\"8 minutos\" \/>\n<script type=\"application\/ld+json\" class=\"yoast-schema-graph\">{\"@context\":\"https:\/\/schema.org\",\"@graph\":[{\"@type\":\"Article\",\"@id\":\"https:\/\/caravanagrupoeditorial.com\/estan-tocando-nuestra-cancion\/#article\",\"isPartOf\":{\"@id\":\"https:\/\/caravanagrupoeditorial.com\/estan-tocando-nuestra-cancion\/\"},\"author\":{\"name\":\"caravanagrupoedi\",\"@id\":\"https:\/\/caravanagrupoeditorial.com\/#\/schema\/person\/abf39d87b39b20bc7acbebdea985becc\"},\"headline\":\"\u00bfEst\u00e1n tocando nuestra canci\u00f3n?\",\"datePublished\":\"2026-04-29T01:02:31+00:00\",\"dateModified\":\"2026-04-29T01:02:32+00:00\",\"mainEntityOfPage\":{\"@id\":\"https:\/\/caravanagrupoeditorial.com\/estan-tocando-nuestra-cancion\/\"},\"wordCount\":1339,\"publisher\":{\"@id\":\"https:\/\/caravanagrupoeditorial.com\/#organization\"},\"image\":{\"@id\":\"https:\/\/caravanagrupoeditorial.com\/estan-tocando-nuestra-cancion\/#primaryimage\"},\"thumbnailUrl\":\"https:\/\/i0.wp.com\/caravanagrupoeditorial.com\/wp-content\/uploads\/2026\/04\/BANNER-2.png?fit=1080%2C1080&ssl=1\",\"articleSection\":[\"Cr\u00f4nicas editoriais\"],\"inLanguage\":\"es-CL\"},{\"@type\":\"WebPage\",\"@id\":\"https:\/\/caravanagrupoeditorial.com\/estan-tocando-nuestra-cancion\/\",\"url\":\"https:\/\/caravanagrupoeditorial.com\/estan-tocando-nuestra-cancion\/\",\"name\":\"\u00bfEst\u00e1n tocando nuestra canci\u00f3n? - Caravana Grupo Editorial\",\"isPartOf\":{\"@id\":\"https:\/\/caravanagrupoeditorial.com\/#website\"},\"primaryImageOfPage\":{\"@id\":\"https:\/\/caravanagrupoeditorial.com\/estan-tocando-nuestra-cancion\/#primaryimage\"},\"image\":{\"@id\":\"https:\/\/caravanagrupoeditorial.com\/estan-tocando-nuestra-cancion\/#primaryimage\"},\"thumbnailUrl\":\"https:\/\/i0.wp.com\/caravanagrupoeditorial.com\/wp-content\/uploads\/2026\/04\/BANNER-2.png?fit=1080%2C1080&ssl=1\",\"datePublished\":\"2026-04-29T01:02:31+00:00\",\"dateModified\":\"2026-04-29T01:02:32+00:00\",\"description\":\"Na \u00faltima FLIP (novembro de 2023) participei da mesa que fez bastante sucesso. A quest\u00e3o era: Como nasce um romance? Esta \u00e9 uma pergunta que nos leva aos tantos mist\u00e9rios que a vida engloba. Com o livro pronto, o pr\u00f3prio autor j\u00e1 n\u00e3o se lembra das pequenas inspira\u00e7\u00f5es que o envolveram para que criasse cada momento da hist\u00f3ria. Como escrevo romances policiais, come\u00e7o criando uma estrutura de come\u00e7o, meio e fim ou crime, investiga\u00e7\u00e3o e solu\u00e7\u00e3o. Pego um fato real, que seleciono entre as tantas trag\u00e9dias que s\u00e3o noticiadas pela m\u00eddia, e parto para a fic\u00e7\u00e3o. Da\u00ed, qualquer semelhan\u00e7a com a realidade \u00e9 mera coincid\u00eancia. Quando monto a estrutura, o que preciso saber \u00e9 o que o leitor vai perguntar durante toda a leitura: Quem \u00e9 o assassino(a)? Eu, como autora, tenho de saber quem matou para ir levando a hist\u00f3ria nessa dire\u00e7\u00e3o.\",\"breadcrumb\":{\"@id\":\"https:\/\/caravanagrupoeditorial.com\/estan-tocando-nuestra-cancion\/#breadcrumb\"},\"inLanguage\":\"es-CL\",\"potentialAction\":[{\"@type\":\"ReadAction\",\"target\":[\"https:\/\/caravanagrupoeditorial.com\/estan-tocando-nuestra-cancion\/\"]}]},{\"@type\":\"ImageObject\",\"inLanguage\":\"es-CL\",\"@id\":\"https:\/\/caravanagrupoeditorial.com\/estan-tocando-nuestra-cancion\/#primaryimage\",\"url\":\"https:\/\/i0.wp.com\/caravanagrupoeditorial.com\/wp-content\/uploads\/2026\/04\/BANNER-2.png?fit=1080%2C1080&ssl=1\",\"contentUrl\":\"https:\/\/i0.wp.com\/caravanagrupoeditorial.com\/wp-content\/uploads\/2026\/04\/BANNER-2.png?fit=1080%2C1080&ssl=1\",\"width\":1080,\"height\":1080},{\"@type\":\"BreadcrumbList\",\"@id\":\"https:\/\/caravanagrupoeditorial.com\/estan-tocando-nuestra-cancion\/#breadcrumb\",\"itemListElement\":[{\"@type\":\"ListItem\",\"position\":1,\"name\":\"In\u00edcio\",\"item\":\"https:\/\/caravanagrupoeditorial.com\/\"},{\"@type\":\"ListItem\",\"position\":2,\"name\":\"\u00bfEst\u00e1n tocando nuestra canci\u00f3n?\"}]},{\"@type\":\"WebSite\",\"@id\":\"https:\/\/caravanagrupoeditorial.com\/#website\",\"url\":\"https:\/\/caravanagrupoeditorial.com\/\",\"name\":\"Caravana Grupo Editorial\",\"description\":\"\",\"publisher\":{\"@id\":\"https:\/\/caravanagrupoeditorial.com\/#organization\"},\"potentialAction\":[{\"@type\":\"SearchAction\",\"target\":{\"@type\":\"EntryPoint\",\"urlTemplate\":\"https:\/\/caravanagrupoeditorial.com\/?s={search_term_string}\"},\"query-input\":{\"@type\":\"PropertyValueSpecification\",\"valueRequired\":true,\"valueName\":\"search_term_string\"}}],\"inLanguage\":\"es-CL\"},{\"@type\":\"Organization\",\"@id\":\"https:\/\/caravanagrupoeditorial.com\/#organization\",\"name\":\"Caravana Grupo Editorial\",\"url\":\"https:\/\/caravanagrupoeditorial.com\/\",\"logo\":{\"@type\":\"ImageObject\",\"inLanguage\":\"es-CL\",\"@id\":\"https:\/\/caravanagrupoeditorial.com\/#\/schema\/logo\/image\/\",\"url\":\"https:\/\/caravanagrupoeditorial.com\/wp-content\/uploads\/2024\/02\/cropped-Logo_Caravana.png\",\"contentUrl\":\"https:\/\/caravanagrupoeditorial.com\/wp-content\/uploads\/2024\/02\/cropped-Logo_Caravana.png\",\"width\":512,\"height\":512,\"caption\":\"Caravana Grupo Editorial\"},\"image\":{\"@id\":\"https:\/\/caravanagrupoeditorial.com\/#\/schema\/logo\/image\/\"},\"sameAs\":[\"https:\/\/www.facebook.com\/caravanagrupoeditorial\",\"https:\/\/www.instagram.com\/caravanagrupoeditorial\/?hl=pt-br\",\"https:\/\/www.youtube.com\/channel\/UCdD-xosEkpHCeRn2nDLiXfQ\"]},{\"@type\":\"Person\",\"@id\":\"https:\/\/caravanagrupoeditorial.com\/#\/schema\/person\/abf39d87b39b20bc7acbebdea985becc\",\"name\":\"caravanagrupoedi\",\"image\":{\"@type\":\"ImageObject\",\"inLanguage\":\"es-CL\",\"@id\":\"https:\/\/secure.gravatar.com\/avatar\/02641089989b922fd250eec06f32a7c0c5f92990b8f8723a985ab17341a65374?s=96&d=mm&r=g\",\"url\":\"https:\/\/secure.gravatar.com\/avatar\/02641089989b922fd250eec06f32a7c0c5f92990b8f8723a985ab17341a65374?s=96&d=mm&r=g\",\"contentUrl\":\"https:\/\/secure.gravatar.com\/avatar\/02641089989b922fd250eec06f32a7c0c5f92990b8f8723a985ab17341a65374?s=96&d=mm&r=g\",\"caption\":\"caravanagrupoedi\"},\"sameAs\":[\"https:\/\/caravanagrupoeditorial.com\"],\"url\":\"https:\/\/caravanagrupoeditorial.com\/es_cl\/author\/caravanagrupoedi\/\"}]}<\/script>\n<!-- \/ Yoast SEO plugin. -->","yoast_head_json":{"title":"\u00bfEst\u00e1n tocando nuestra canci\u00f3n? - Caravana Grupo Editorial","description":"Na \u00faltima FLIP (novembro de 2023) participei da mesa que fez bastante sucesso. A quest\u00e3o era: Como nasce um romance? Esta \u00e9 uma pergunta que nos leva aos tantos mist\u00e9rios que a vida engloba. Com o livro pronto, o pr\u00f3prio autor j\u00e1 n\u00e3o se lembra das pequenas inspira\u00e7\u00f5es que o envolveram para que criasse cada momento da hist\u00f3ria. Como escrevo romances policiais, come\u00e7o criando uma estrutura de come\u00e7o, meio e fim ou crime, investiga\u00e7\u00e3o e solu\u00e7\u00e3o. Pego um fato real, que seleciono entre as tantas trag\u00e9dias que s\u00e3o noticiadas pela m\u00eddia, e parto para a fic\u00e7\u00e3o. Da\u00ed, qualquer semelhan\u00e7a com a realidade \u00e9 mera coincid\u00eancia. Quando monto a estrutura, o que preciso saber \u00e9 o que o leitor vai perguntar durante toda a leitura: Quem \u00e9 o assassino(a)? Eu, como autora, tenho de saber quem matou para ir levando a hist\u00f3ria nessa dire\u00e7\u00e3o.","robots":{"index":"index","follow":"follow","max-snippet":"max-snippet:-1","max-image-preview":"max-image-preview:large","max-video-preview":"max-video-preview:-1"},"canonical":"https:\/\/caravanagrupoeditorial.com\/es_cl\/estan-tocando-nuestra-cancion\/","og_locale":"es_ES","og_type":"article","og_title":"\u00bfEst\u00e1n tocando nuestra canci\u00f3n? - Caravana Grupo Editorial","og_description":"Na \u00faltima FLIP (novembro de 2023) participei da mesa que fez bastante sucesso. A quest\u00e3o era: Como nasce um romance? Esta \u00e9 uma pergunta que nos leva aos tantos mist\u00e9rios que a vida engloba. Com o livro pronto, o pr\u00f3prio autor j\u00e1 n\u00e3o se lembra das pequenas inspira\u00e7\u00f5es que o envolveram para que criasse cada momento da hist\u00f3ria. Como escrevo romances policiais, come\u00e7o criando uma estrutura de come\u00e7o, meio e fim ou crime, investiga\u00e7\u00e3o e solu\u00e7\u00e3o. Pego um fato real, que seleciono entre as tantas trag\u00e9dias que s\u00e3o noticiadas pela m\u00eddia, e parto para a fic\u00e7\u00e3o. Da\u00ed, qualquer semelhan\u00e7a com a realidade \u00e9 mera coincid\u00eancia. Quando monto a estrutura, o que preciso saber \u00e9 o que o leitor vai perguntar durante toda a leitura: Quem \u00e9 o assassino(a)? Eu, como autora, tenho de saber quem matou para ir levando a hist\u00f3ria nessa dire\u00e7\u00e3o.","og_url":"https:\/\/caravanagrupoeditorial.com\/es_cl\/estan-tocando-nuestra-cancion\/","og_site_name":"Caravana Grupo Editorial","article_publisher":"https:\/\/www.facebook.com\/caravanagrupoeditorial","article_published_time":"2026-04-29T01:02:31+00:00","article_modified_time":"2026-04-29T01:02:32+00:00","og_image":[{"width":1080,"height":1080,"url":"https:\/\/caravanagrupoeditorial.com\/wp-content\/uploads\/2026\/04\/BANNER-2.png","type":"image\/png"}],"author":"caravanagrupoedi","twitter_card":"summary_large_image","twitter_misc":{"Escrito por":"caravanagrupoedi","Tiempo estimado de lectura":"8 minutos"},"schema":{"@context":"https:\/\/schema.org","@graph":[{"@type":"Article","@id":"https:\/\/caravanagrupoeditorial.com\/estan-tocando-nuestra-cancion\/#article","isPartOf":{"@id":"https:\/\/caravanagrupoeditorial.com\/estan-tocando-nuestra-cancion\/"},"author":{"name":"caravanagrupoedi","@id":"https:\/\/caravanagrupoeditorial.com\/#\/schema\/person\/abf39d87b39b20bc7acbebdea985becc"},"headline":"\u00bfEst\u00e1n tocando nuestra canci\u00f3n?","datePublished":"2026-04-29T01:02:31+00:00","dateModified":"2026-04-29T01:02:32+00:00","mainEntityOfPage":{"@id":"https:\/\/caravanagrupoeditorial.com\/estan-tocando-nuestra-cancion\/"},"wordCount":1339,"publisher":{"@id":"https:\/\/caravanagrupoeditorial.com\/#organization"},"image":{"@id":"https:\/\/caravanagrupoeditorial.com\/estan-tocando-nuestra-cancion\/#primaryimage"},"thumbnailUrl":"https:\/\/i0.wp.com\/caravanagrupoeditorial.com\/wp-content\/uploads\/2026\/04\/BANNER-2.png?fit=1080%2C1080&ssl=1","articleSection":["Cr\u00f4nicas editoriais"],"inLanguage":"es-CL"},{"@type":"WebPage","@id":"https:\/\/caravanagrupoeditorial.com\/estan-tocando-nuestra-cancion\/","url":"https:\/\/caravanagrupoeditorial.com\/estan-tocando-nuestra-cancion\/","name":"\u00bfEst\u00e1n tocando nuestra canci\u00f3n? - Caravana Grupo Editorial","isPartOf":{"@id":"https:\/\/caravanagrupoeditorial.com\/#website"},"primaryImageOfPage":{"@id":"https:\/\/caravanagrupoeditorial.com\/estan-tocando-nuestra-cancion\/#primaryimage"},"image":{"@id":"https:\/\/caravanagrupoeditorial.com\/estan-tocando-nuestra-cancion\/#primaryimage"},"thumbnailUrl":"https:\/\/i0.wp.com\/caravanagrupoeditorial.com\/wp-content\/uploads\/2026\/04\/BANNER-2.png?fit=1080%2C1080&ssl=1","datePublished":"2026-04-29T01:02:31+00:00","dateModified":"2026-04-29T01:02:32+00:00","description":"Na \u00faltima FLIP (novembro de 2023) participei da mesa que fez bastante sucesso. A quest\u00e3o era: Como nasce um romance? Esta \u00e9 uma pergunta que nos leva aos tantos mist\u00e9rios que a vida engloba. Com o livro pronto, o pr\u00f3prio autor j\u00e1 n\u00e3o se lembra das pequenas inspira\u00e7\u00f5es que o envolveram para que criasse cada momento da hist\u00f3ria. Como escrevo romances policiais, come\u00e7o criando uma estrutura de come\u00e7o, meio e fim ou crime, investiga\u00e7\u00e3o e solu\u00e7\u00e3o. Pego um fato real, que seleciono entre as tantas trag\u00e9dias que s\u00e3o noticiadas pela m\u00eddia, e parto para a fic\u00e7\u00e3o. Da\u00ed, qualquer semelhan\u00e7a com a realidade \u00e9 mera coincid\u00eancia. Quando monto a estrutura, o que preciso saber \u00e9 o que o leitor vai perguntar durante toda a leitura: Quem \u00e9 o assassino(a)? Eu, como autora, tenho de saber quem matou para ir levando a hist\u00f3ria nessa dire\u00e7\u00e3o.","breadcrumb":{"@id":"https:\/\/caravanagrupoeditorial.com\/estan-tocando-nuestra-cancion\/#breadcrumb"},"inLanguage":"es-CL","potentialAction":[{"@type":"ReadAction","target":["https:\/\/caravanagrupoeditorial.com\/estan-tocando-nuestra-cancion\/"]}]},{"@type":"ImageObject","inLanguage":"es-CL","@id":"https:\/\/caravanagrupoeditorial.com\/estan-tocando-nuestra-cancion\/#primaryimage","url":"https:\/\/i0.wp.com\/caravanagrupoeditorial.com\/wp-content\/uploads\/2026\/04\/BANNER-2.png?fit=1080%2C1080&ssl=1","contentUrl":"https:\/\/i0.wp.com\/caravanagrupoeditorial.com\/wp-content\/uploads\/2026\/04\/BANNER-2.png?fit=1080%2C1080&ssl=1","width":1080,"height":1080},{"@type":"BreadcrumbList","@id":"https:\/\/caravanagrupoeditorial.com\/estan-tocando-nuestra-cancion\/#breadcrumb","itemListElement":[{"@type":"ListItem","position":1,"name":"In\u00edcio","item":"https:\/\/caravanagrupoeditorial.com\/"},{"@type":"ListItem","position":2,"name":"\u00bfEst\u00e1n tocando nuestra canci\u00f3n?"}]},{"@type":"WebSite","@id":"https:\/\/caravanagrupoeditorial.com\/#website","url":"https:\/\/caravanagrupoeditorial.com\/","name":"Cat\u00e1logo - Alicanto Editorial","description":"","publisher":{"@id":"https:\/\/caravanagrupoeditorial.com\/#organization"},"potentialAction":[{"@type":"SearchAction","target":{"@type":"EntryPoint","urlTemplate":"https:\/\/caravanagrupoeditorial.com\/?s={search_term_string}"},"query-input":{"@type":"PropertyValueSpecification","valueRequired":true,"valueName":"search_term_string"}}],"inLanguage":"es-CL"},{"@type":"Organization","@id":"https:\/\/caravanagrupoeditorial.com\/#organization","name":"Cat\u00e1logo - Alicanto Editorial","url":"https:\/\/caravanagrupoeditorial.com\/","logo":{"@type":"ImageObject","inLanguage":"es-CL","@id":"https:\/\/caravanagrupoeditorial.com\/#\/schema\/logo\/image\/","url":"https:\/\/caravanagrupoeditorial.com\/wp-content\/uploads\/2024\/02\/cropped-Logo_Caravana.png","contentUrl":"https:\/\/caravanagrupoeditorial.com\/wp-content\/uploads\/2024\/02\/cropped-Logo_Caravana.png","width":512,"height":512,"caption":"Caravana Grupo Editorial"},"image":{"@id":"https:\/\/caravanagrupoeditorial.com\/#\/schema\/logo\/image\/"},"sameAs":["https:\/\/www.facebook.com\/caravanagrupoeditorial","https:\/\/www.instagram.com\/caravanagrupoeditorial\/?hl=pt-br","https:\/\/www.youtube.com\/channel\/UCdD-xosEkpHCeRn2nDLiXfQ"]},{"@type":"Person","@id":"https:\/\/caravanagrupoeditorial.com\/#\/schema\/person\/abf39d87b39b20bc7acbebdea985becc","name":"caravanagrupoedi","image":{"@type":"ImageObject","inLanguage":"es-CL","@id":"https:\/\/secure.gravatar.com\/avatar\/02641089989b922fd250eec06f32a7c0c5f92990b8f8723a985ab17341a65374?s=96&d=mm&r=g","url":"https:\/\/secure.gravatar.com\/avatar\/02641089989b922fd250eec06f32a7c0c5f92990b8f8723a985ab17341a65374?s=96&d=mm&r=g","contentUrl":"https:\/\/secure.gravatar.com\/avatar\/02641089989b922fd250eec06f32a7c0c5f92990b8f8723a985ab17341a65374?s=96&d=mm&r=g","caption":"caravanagrupoedi"},"sameAs":["https:\/\/caravanagrupoeditorial.com"],"url":"https:\/\/caravanagrupoeditorial.com\/es_cl\/author\/caravanagrupoedi\/"}]}},"jetpack_featured_media_url":"https:\/\/i0.wp.com\/caravanagrupoeditorial.com\/wp-content\/uploads\/2026\/04\/BANNER-2.png?fit=1080%2C1080&ssl=1","jetpack_sharing_enabled":true,"_links":{"self":[{"href":"https:\/\/caravanagrupoeditorial.com\/es_cl\/wp-json\/wp\/v2\/posts\/1113241","targetHints":{"allow":["GET"]}}],"collection":[{"href":"https:\/\/caravanagrupoeditorial.com\/es_cl\/wp-json\/wp\/v2\/posts"}],"about":[{"href":"https:\/\/caravanagrupoeditorial.com\/es_cl\/wp-json\/wp\/v2\/types\/post"}],"author":[{"embeddable":true,"href":"https:\/\/caravanagrupoeditorial.com\/es_cl\/wp-json\/wp\/v2\/users\/1"}],"replies":[{"embeddable":true,"href":"https:\/\/caravanagrupoeditorial.com\/es_cl\/wp-json\/wp\/v2\/comments?post=1113241"}],"version-history":[{"count":1,"href":"https:\/\/caravanagrupoeditorial.com\/es_cl\/wp-json\/wp\/v2\/posts\/1113241\/revisions"}],"predecessor-version":[{"id":1113244,"href":"https:\/\/caravanagrupoeditorial.com\/es_cl\/wp-json\/wp\/v2\/posts\/1113241\/revisions\/1113244"}],"wp:featuredmedia":[{"embeddable":true,"href":"https:\/\/caravanagrupoeditorial.com\/es_cl\/wp-json\/wp\/v2\/media\/1113242"}],"wp:attachment":[{"href":"https:\/\/caravanagrupoeditorial.com\/es_cl\/wp-json\/wp\/v2\/media?parent=1113241"}],"wp:term":[{"taxonomy":"category","embeddable":true,"href":"https:\/\/caravanagrupoeditorial.com\/es_cl\/wp-json\/wp\/v2\/categories?post=1113241"},{"taxonomy":"post_tag","embeddable":true,"href":"https:\/\/caravanagrupoeditorial.com\/es_cl\/wp-json\/wp\/v2\/tags?post=1113241"}],"curies":[{"name":"wp","href":"https:\/\/api.w.org\/{rel}","templated":true}]}}