{"id":1117617,"date":"2026-09-02T09:00:00","date_gmt":"2026-09-02T12:00:00","guid":{"rendered":"https:\/\/caravanagrupoeditorial.com\/?p=1117617"},"modified":"2026-09-02T08:50:27","modified_gmt":"2026-09-02T11:50:27","slug":"por-que-escribir-ficcion-historica","status":"publish","type":"post","link":"https:\/\/caravanagrupoeditorial.com\/es\/por-que-escribir-ficcion-historica\/","title":{"rendered":"\u00bfPor qu\u00e9 escribir ficci\u00f3n hist\u00f3rica?"},"content":{"rendered":"<p>Durante a\u00f1os he buscado la forma de deconstruir el tiempo. <\/p>\n\n<p>El devenir, al que estamos sujetos como entes materiales que somos, nos aprisiona en este mundo que habitamos, regido por las reglas de un tiempo que es presente constante. Todo cambia y transmuta en algo que ya ha pasado. <br \/>\n\u00bfTodo lo que una vez fue y ya no es, deja de existir por completo?<\/p>\n\n<p>Algunas de las cosas de este mundo se pierden con el tiempo. Primero dejan de existir en el d\u00eda a d\u00eda, y ya no dejan huellas de tierra en el camino de entrada a la casa. Despu\u00e9s, se escapa de la memoria de las criaturas c\u00f3mo eran las arrugas de la frente, y cu\u00e1l era la m\u00fasica que hac\u00edan los que se han perdido. Y las cosas dejan de tener la forma de la vida.<\/p>\n\n<p>Durante a\u00f1os he buscado la forma de volver el tiempo atr\u00e1s. De escuchar las voces de quienes caminaron en otro tiempo las mismas calles de la Buenos Aires que habito.<\/p>\n\n<p>He le\u00eddo mapas antiguos, dibujados por cronistas que ya no tienen el aliento de la vida para contar con qu\u00e9 hombres y mujeres se cruzaron por las veredas de polvo y barro de la Buenos Aires del siglo XVIII. Y a\u00fan as\u00ed lo he visto caminar en mi mente. <\/p>\n\n<p>He escuchado a extranjeros describir a la Buenos Aires del 1700. Los escuch\u00e9 contar sus an\u00e9cdotas cuando le\u00ed sus cr\u00f3nicas de viajes, aunque muertos ellos estaban.<\/p>\n\n<p>He pasado d\u00edas tan largos como a\u00f1os en el viejo Cabildo de la ciudad, leyendo archivos judiciales. Entre esos papeles escrito est\u00e1 el testimonio de esclavos que denunciaron en la \u00e9poca que fue su presente los castigos frecuentes de sus amos. Esos hombres y mujeres que carec\u00edan de nombre y apellido propio porque nada propio ten\u00edan, hablaron. Y aunque escrito estaba, los he escuchado.<\/p>\n\n<p>Durante a\u00f1os he buscado la forma de deconstruir el tiempo. <br \/>\n\u00bfTodo lo que una vez fue y ya no es, deja de existir por completo? Esta pregunta me habita.<\/p>\n\n<p>Y durante a\u00f1os he buscado la forma de volver el tiempo atr\u00e1s. <\/p>\n\n<p>De escuchar las voces que una vez cantaron y gritaron. De conocer las historias detr\u00e1s de esas m\u00fasicas de alegr\u00eda y dolor.<\/p>\n\n<p>En este mundo que se nos desvanece a cada paso, la literatura es un conjuro para invocar los tiempos pasados y no olvidar.<\/p>\n\n<p>Tengo miedo del olvido, porque las cosas que se pierden son parte de este mundo que se desvanece constantemente, y somos parte de \u00e9l. S\u00ed esas cosas se pierden, eventualmente nosotros tambi\u00e9n experimentaremos el no-ser. As\u00ed que reconstruir el pasado es en parte resistir en la existencia del presente, y construir la posibilidad de un futuro.<\/p>\n\n\n\n<div class=\"wp-block-media-text alignwide is-stacked-on-mobile\" style=\"grid-template-columns:44% auto\"><figure class=\"wp-block-media-text__media\"><img data-recalc-dims=\"1\" loading=\"lazy\" decoding=\"async\" width=\"800\" height=\"800\" src=\"https:\/\/i0.wp.com\/caravanagrupoeditorial.com\/wp-content\/uploads\/2026\/09\/Foto-da-autora.jpg?resize=800%2C800&#038;ssl=1\" alt=\"\" class=\"wp-image-1117619 size-full\" srcset=\"https:\/\/i0.wp.com\/caravanagrupoeditorial.com\/wp-content\/uploads\/2026\/09\/Foto-da-autora-scaled.jpg?resize=800%2C800&amp;ssl=1 800w, https:\/\/i0.wp.com\/caravanagrupoeditorial.com\/wp-content\/uploads\/2026\/09\/Foto-da-autora-scaled.jpg?resize=400%2C400&amp;ssl=1 400w, https:\/\/i0.wp.com\/caravanagrupoeditorial.com\/wp-content\/uploads\/2026\/09\/Foto-da-autora-scaled.jpg?resize=150%2C150&amp;ssl=1 150w, https:\/\/i0.wp.com\/caravanagrupoeditorial.com\/wp-content\/uploads\/2026\/09\/Foto-da-autora-scaled.jpg?resize=768%2C768&amp;ssl=1 768w, https:\/\/i0.wp.com\/caravanagrupoeditorial.com\/wp-content\/uploads\/2026\/09\/Foto-da-autora-scaled.jpg?resize=1536%2C1536&amp;ssl=1 1536w, https:\/\/i0.wp.com\/caravanagrupoeditorial.com\/wp-content\/uploads\/2026\/09\/Foto-da-autora-scaled.jpg?resize=2048%2C2048&amp;ssl=1 2048w, https:\/\/i0.wp.com\/caravanagrupoeditorial.com\/wp-content\/uploads\/2026\/09\/Foto-da-autora-scaled.jpg?resize=12%2C12&amp;ssl=1 12w, https:\/\/i0.wp.com\/caravanagrupoeditorial.com\/wp-content\/uploads\/2026\/09\/Foto-da-autora-scaled.jpg?resize=510%2C510&amp;ssl=1 510w, https:\/\/i0.wp.com\/caravanagrupoeditorial.com\/wp-content\/uploads\/2026\/09\/Foto-da-autora-scaled.jpg?resize=100%2C100&amp;ssl=1 100w, https:\/\/i0.wp.com\/caravanagrupoeditorial.com\/wp-content\/uploads\/2026\/09\/Foto-da-autora-scaled.jpg?resize=64%2C64&amp;ssl=1 64w, https:\/\/i0.wp.com\/caravanagrupoeditorial.com\/wp-content\/uploads\/2026\/09\/Foto-da-autora-scaled.jpg?w=2340&amp;ssl=1 2340w\" sizes=\"auto, (max-width: 800px) 100vw, 800px\" \/><\/figure><div class=\"wp-block-media-text__content\">\n<p>Ver\u00f3nica Anah\u00ed Liporacci naci\u00f3 en la provincia de Buenos Aires, Argentina. Es profesora de Historia, egresada de la Universidad de Buenos Aires. En cuanto a su formaci\u00f3n literaria, realiz\u00f3 seminarios de la carrera de Letras de la Universidad de Buenos Aires, y particip\u00f3 de diversos talleres de escritura creativa y de cl\u00ednica de escritura. Autora del libro de cuentos de ficci\u00f3n hist\u00f3rica \u201cLa libertad en tiempos de esclavitud\u201d, publicado por la editorial Cabur\u00e9 en el 2025.<\/p>\n<\/div><\/div>\n\n\n\n<p><\/p>","protected":false},"excerpt":{"rendered":"<p>Durante a\u00f1os he buscado la forma de deconstruir el tiempo. El devenir, al que estamos sujetos como entes materiales que somos, nos aprisiona en este mundo que habitamos, regido por<\/p>","protected":false},"author":1,"featured_media":1117618,"comment_status":"closed","ping_status":"closed","sticky":false,"template":"","format":"standard","meta":{"_acf_changed":false,"_jetpack_newsletter_access":"","_jetpack_dont_email_post_to_subs":false,"_jetpack_newsletter_tier_id":0,"_jetpack_memberships_contains_paywalled_content":false,"_jetpack_feature_clip_id":0,"_jetpack_memberships_contains_paid_content":false,"_joinchat":[],"footnotes":"","jetpack_post_was_ever_published":false},"categories":[20603],"tags":[],"class_list":["post-1117617","post","type-post","status-publish","format-standard","has-post-thumbnail","hentry","category-cronicas-editoriais"],"acf":[],"yoast_head":"<!-- This site is optimized with the Yoast SEO plugin v27.5 - https:\/\/yoast.com\/product\/yoast-seo-wordpress\/ -->\n<title>\u00bfPor qu\u00e9 escribir ficci\u00f3n hist\u00f3rica? - Caravana Grupo Editorial<\/title>\n<meta name=\"robots\" content=\"index, follow, max-snippet:-1, max-image-preview:large, max-video-preview:-1\" \/>\n<link rel=\"canonical\" href=\"https:\/\/caravanagrupoeditorial.com\/es\/por-que-escribir-ficcion-historica\/\" \/>\n<meta property=\"og:locale\" content=\"es_ES\" \/>\n<meta property=\"og:type\" content=\"article\" \/>\n<meta property=\"og:title\" content=\"\u00bfPor qu\u00e9 escribir ficci\u00f3n hist\u00f3rica? - Caravana Grupo Editorial\" \/>\n<meta property=\"og:description\" content=\"Durante a\u00f1os he buscado la forma de deconstruir el tiempo. El devenir, al que estamos sujetos como entes materiales que somos, nos aprisiona en este mundo que habitamos, regido por\" \/>\n<meta property=\"og:url\" content=\"https:\/\/caravanagrupoeditorial.com\/es\/por-que-escribir-ficcion-historica\/\" \/>\n<meta property=\"og:site_name\" content=\"Caravana Grupo Editorial\" \/>\n<meta property=\"article:publisher\" content=\"https:\/\/www.facebook.com\/caravanagrupoeditorial\" \/>\n<meta property=\"article:published_time\" content=\"2026-09-02T12:00:00+00:00\" \/>\n<meta property=\"og:image\" content=\"https:\/\/i0.wp.com\/caravanagrupoeditorial.com\/wp-content\/uploads\/2026\/09\/Banner.png?fit=1080%2C1080&ssl=1\" \/>\n\t<meta property=\"og:image:width\" content=\"1080\" \/>\n\t<meta property=\"og:image:height\" content=\"1080\" \/>\n\t<meta property=\"og:image:type\" content=\"image\/png\" \/>\n<meta name=\"author\" content=\"Web Designer\" \/>\n<meta name=\"twitter:card\" content=\"summary_large_image\" \/>\n<meta name=\"twitter:label1\" content=\"Written by\" \/>\n\t<meta name=\"twitter:data1\" content=\"Web Designer\" \/>\n\t<meta name=\"twitter:label2\" content=\"Est. reading time\" \/>\n\t<meta name=\"twitter:data2\" content=\"4 minutos\" \/>\n<script type=\"application\/ld+json\" class=\"yoast-schema-graph\">{\"@context\":\"https:\\\/\\\/schema.org\",\"@graph\":[{\"@type\":\"Article\",\"@id\":\"https:\\\/\\\/caravanagrupoeditorial.com\\\/por-que-escribir-ficcion-historica\\\/#article\",\"isPartOf\":{\"@id\":\"https:\\\/\\\/caravanagrupoeditorial.com\\\/por-que-escribir-ficcion-historica\\\/\"},\"author\":{\"name\":\"Web Designer\",\"@id\":\"https:\\\/\\\/caravanagrupoeditorial.com\\\/#\\\/schema\\\/person\\\/abf39d87b39b20bc7acbebdea985becc\"},\"headline\":\"\u00bfPor qu\u00e9 escribir ficci\u00f3n hist\u00f3rica?\",\"datePublished\":\"2026-09-02T12:00:00+00:00\",\"mainEntityOfPage\":{\"@id\":\"https:\\\/\\\/caravanagrupoeditorial.com\\\/por-que-escribir-ficcion-historica\\\/\"},\"wordCount\":561,\"publisher\":{\"@id\":\"https:\\\/\\\/caravanagrupoeditorial.com\\\/#organization\"},\"image\":{\"@id\":\"https:\\\/\\\/caravanagrupoeditorial.com\\\/por-que-escribir-ficcion-historica\\\/#primaryimage\"},\"thumbnailUrl\":\"https:\\\/\\\/i0.wp.com\\\/caravanagrupoeditorial.com\\\/wp-content\\\/uploads\\\/2026\\\/09\\\/Banner.png?fit=1080%2C1080&ssl=1\",\"articleSection\":[\"Cr\u00f4nicas editoriais\"],\"inLanguage\":\"es-PE\"},{\"@type\":\"WebPage\",\"@id\":\"https:\\\/\\\/caravanagrupoeditorial.com\\\/por-que-escribir-ficcion-historica\\\/\",\"url\":\"https:\\\/\\\/caravanagrupoeditorial.com\\\/por-que-escribir-ficcion-historica\\\/\",\"name\":\"\u00bfPor qu\u00e9 escribir ficci\u00f3n hist\u00f3rica? - Caravana Grupo Editorial\",\"isPartOf\":{\"@id\":\"https:\\\/\\\/caravanagrupoeditorial.com\\\/#website\"},\"primaryImageOfPage\":{\"@id\":\"https:\\\/\\\/caravanagrupoeditorial.com\\\/por-que-escribir-ficcion-historica\\\/#primaryimage\"},\"image\":{\"@id\":\"https:\\\/\\\/caravanagrupoeditorial.com\\\/por-que-escribir-ficcion-historica\\\/#primaryimage\"},\"thumbnailUrl\":\"https:\\\/\\\/i0.wp.com\\\/caravanagrupoeditorial.com\\\/wp-content\\\/uploads\\\/2026\\\/09\\\/Banner.png?fit=1080%2C1080&ssl=1\",\"datePublished\":\"2026-09-02T12:00:00+00:00\",\"breadcrumb\":{\"@id\":\"https:\\\/\\\/caravanagrupoeditorial.com\\\/por-que-escribir-ficcion-historica\\\/#breadcrumb\"},\"inLanguage\":\"es-PE\",\"potentialAction\":[{\"@type\":\"ReadAction\",\"target\":[\"https:\\\/\\\/caravanagrupoeditorial.com\\\/por-que-escribir-ficcion-historica\\\/\"]}]},{\"@type\":\"ImageObject\",\"inLanguage\":\"es-PE\",\"@id\":\"https:\\\/\\\/caravanagrupoeditorial.com\\\/por-que-escribir-ficcion-historica\\\/#primaryimage\",\"url\":\"https:\\\/\\\/i0.wp.com\\\/caravanagrupoeditorial.com\\\/wp-content\\\/uploads\\\/2026\\\/09\\\/Banner.png?fit=1080%2C1080&ssl=1\",\"contentUrl\":\"https:\\\/\\\/i0.wp.com\\\/caravanagrupoeditorial.com\\\/wp-content\\\/uploads\\\/2026\\\/09\\\/Banner.png?fit=1080%2C1080&ssl=1\",\"width\":1080,\"height\":1080},{\"@type\":\"BreadcrumbList\",\"@id\":\"https:\\\/\\\/caravanagrupoeditorial.com\\\/por-que-escribir-ficcion-historica\\\/#breadcrumb\",\"itemListElement\":[{\"@type\":\"ListItem\",\"position\":1,\"name\":\"In\u00edcio\",\"item\":\"https:\\\/\\\/caravanagrupoeditorial.com\\\/\"},{\"@type\":\"ListItem\",\"position\":2,\"name\":\"\u00bfPor qu\u00e9 escribir ficci\u00f3n hist\u00f3rica?\"}]},{\"@type\":\"WebSite\",\"@id\":\"https:\\\/\\\/caravanagrupoeditorial.com\\\/#website\",\"url\":\"https:\\\/\\\/caravanagrupoeditorial.com\\\/\",\"name\":\"Caravana Grupo Editorial\",\"description\":\"\",\"publisher\":{\"@id\":\"https:\\\/\\\/caravanagrupoeditorial.com\\\/#organization\"},\"potentialAction\":[{\"@type\":\"SearchAction\",\"target\":{\"@type\":\"EntryPoint\",\"urlTemplate\":\"https:\\\/\\\/caravanagrupoeditorial.com\\\/?s={search_term_string}\"},\"query-input\":{\"@type\":\"PropertyValueSpecification\",\"valueRequired\":true,\"valueName\":\"search_term_string\"}}],\"inLanguage\":\"es-PE\"},{\"@type\":\"Organization\",\"@id\":\"https:\\\/\\\/caravanagrupoeditorial.com\\\/#organization\",\"name\":\"Caravana Grupo Editorial\",\"url\":\"https:\\\/\\\/caravanagrupoeditorial.com\\\/\",\"logo\":{\"@type\":\"ImageObject\",\"inLanguage\":\"es-PE\",\"@id\":\"https:\\\/\\\/caravanagrupoeditorial.com\\\/#\\\/schema\\\/logo\\\/image\\\/\",\"url\":\"https:\\\/\\\/caravanagrupoeditorial.com\\\/wp-content\\\/uploads\\\/2024\\\/02\\\/cropped-Logo_Caravana.png\",\"contentUrl\":\"https:\\\/\\\/caravanagrupoeditorial.com\\\/wp-content\\\/uploads\\\/2024\\\/02\\\/cropped-Logo_Caravana.png\",\"width\":512,\"height\":512,\"caption\":\"Caravana Grupo Editorial\"},\"image\":{\"@id\":\"https:\\\/\\\/caravanagrupoeditorial.com\\\/#\\\/schema\\\/logo\\\/image\\\/\"},\"sameAs\":[\"https:\\\/\\\/www.facebook.com\\\/caravanagrupoeditorial\",\"https:\\\/\\\/www.instagram.com\\\/caravanagrupoeditorial\\\/?hl=pt-br\",\"https:\\\/\\\/www.youtube.com\\\/channel\\\/UCdD-xosEkpHCeRn2nDLiXfQ\"]},{\"@type\":\"Person\",\"@id\":\"https:\\\/\\\/caravanagrupoeditorial.com\\\/#\\\/schema\\\/person\\\/abf39d87b39b20bc7acbebdea985becc\",\"name\":\"Web Designer\",\"image\":{\"@type\":\"ImageObject\",\"inLanguage\":\"es-PE\",\"@id\":\"https:\\\/\\\/secure.gravatar.com\\\/avatar\\\/c7be9c0222f263eb34acb5623f9380ff97b339f48774cd9131eca6db48413710?s=96&d=mm&r=g\",\"url\":\"https:\\\/\\\/secure.gravatar.com\\\/avatar\\\/c7be9c0222f263eb34acb5623f9380ff97b339f48774cd9131eca6db48413710?s=96&d=mm&r=g\",\"contentUrl\":\"https:\\\/\\\/secure.gravatar.com\\\/avatar\\\/c7be9c0222f263eb34acb5623f9380ff97b339f48774cd9131eca6db48413710?s=96&d=mm&r=g\",\"caption\":\"Web Designer\"},\"sameAs\":[\"https:\\\/\\\/caravanagrupoeditorial.com\"],\"url\":\"https:\\\/\\\/caravanagrupoeditorial.com\\\/es\\\/author\\\/caravanagrupoedi\\\/\"}]}<\/script>\n<!-- \/ Yoast SEO plugin. -->","yoast_head_json":{"title":"\u00bfPor qu\u00e9 escribir ficci\u00f3n hist\u00f3rica? - Caravana Grupo Editorial","robots":{"index":"index","follow":"follow","max-snippet":"max-snippet:-1","max-image-preview":"max-image-preview:large","max-video-preview":"max-video-preview:-1"},"canonical":"https:\/\/caravanagrupoeditorial.com\/es\/por-que-escribir-ficcion-historica\/","og_locale":"es_ES","og_type":"article","og_title":"\u00bfPor qu\u00e9 escribir ficci\u00f3n hist\u00f3rica? - Caravana Grupo Editorial","og_description":"Durante a\u00f1os he buscado la forma de deconstruir el tiempo. El devenir, al que estamos sujetos como entes materiales que somos, nos aprisiona en este mundo que habitamos, regido por","og_url":"https:\/\/caravanagrupoeditorial.com\/es\/por-que-escribir-ficcion-historica\/","og_site_name":"Caravana Grupo Editorial","article_publisher":"https:\/\/www.facebook.com\/caravanagrupoeditorial","article_published_time":"2026-09-02T12:00:00+00:00","og_image":[{"width":1080,"height":1080,"url":"https:\/\/i0.wp.com\/caravanagrupoeditorial.com\/wp-content\/uploads\/2026\/09\/Banner.png?fit=1080%2C1080&ssl=1","type":"image\/png"}],"author":"Web Designer","twitter_card":"summary_large_image","twitter_misc":{"Written by":"Web Designer","Est. reading time":"4 minutos"},"schema":{"@context":"https:\/\/schema.org","@graph":[{"@type":"Article","@id":"https:\/\/caravanagrupoeditorial.com\/por-que-escribir-ficcion-historica\/#article","isPartOf":{"@id":"https:\/\/caravanagrupoeditorial.com\/por-que-escribir-ficcion-historica\/"},"author":{"name":"Web Designer","@id":"https:\/\/caravanagrupoeditorial.com\/#\/schema\/person\/abf39d87b39b20bc7acbebdea985becc"},"headline":"\u00bfPor qu\u00e9 escribir ficci\u00f3n hist\u00f3rica?","datePublished":"2026-09-02T12:00:00+00:00","mainEntityOfPage":{"@id":"https:\/\/caravanagrupoeditorial.com\/por-que-escribir-ficcion-historica\/"},"wordCount":561,"publisher":{"@id":"https:\/\/caravanagrupoeditorial.com\/#organization"},"image":{"@id":"https:\/\/caravanagrupoeditorial.com\/por-que-escribir-ficcion-historica\/#primaryimage"},"thumbnailUrl":"https:\/\/i0.wp.com\/caravanagrupoeditorial.com\/wp-content\/uploads\/2026\/09\/Banner.png?fit=1080%2C1080&ssl=1","articleSection":["Cr\u00f4nicas editoriais"],"inLanguage":"es-PE"},{"@type":"WebPage","@id":"https:\/\/caravanagrupoeditorial.com\/por-que-escribir-ficcion-historica\/","url":"https:\/\/caravanagrupoeditorial.com\/por-que-escribir-ficcion-historica\/","name":"\u00bfPor qu\u00e9 escribir ficci\u00f3n hist\u00f3rica? - Caravana Grupo Editorial","isPartOf":{"@id":"https:\/\/caravanagrupoeditorial.com\/#website"},"primaryImageOfPage":{"@id":"https:\/\/caravanagrupoeditorial.com\/por-que-escribir-ficcion-historica\/#primaryimage"},"image":{"@id":"https:\/\/caravanagrupoeditorial.com\/por-que-escribir-ficcion-historica\/#primaryimage"},"thumbnailUrl":"https:\/\/i0.wp.com\/caravanagrupoeditorial.com\/wp-content\/uploads\/2026\/09\/Banner.png?fit=1080%2C1080&ssl=1","datePublished":"2026-09-02T12:00:00+00:00","breadcrumb":{"@id":"https:\/\/caravanagrupoeditorial.com\/por-que-escribir-ficcion-historica\/#breadcrumb"},"inLanguage":"es-PE","potentialAction":[{"@type":"ReadAction","target":["https:\/\/caravanagrupoeditorial.com\/por-que-escribir-ficcion-historica\/"]}]},{"@type":"ImageObject","inLanguage":"es-PE","@id":"https:\/\/caravanagrupoeditorial.com\/por-que-escribir-ficcion-historica\/#primaryimage","url":"https:\/\/i0.wp.com\/caravanagrupoeditorial.com\/wp-content\/uploads\/2026\/09\/Banner.png?fit=1080%2C1080&ssl=1","contentUrl":"https:\/\/i0.wp.com\/caravanagrupoeditorial.com\/wp-content\/uploads\/2026\/09\/Banner.png?fit=1080%2C1080&ssl=1","width":1080,"height":1080},{"@type":"BreadcrumbList","@id":"https:\/\/caravanagrupoeditorial.com\/por-que-escribir-ficcion-historica\/#breadcrumb","itemListElement":[{"@type":"ListItem","position":1,"name":"In\u00edcio","item":"https:\/\/caravanagrupoeditorial.com\/"},{"@type":"ListItem","position":2,"name":"\u00bfPor qu\u00e9 escribir ficci\u00f3n hist\u00f3rica?"}]},{"@type":"WebSite","@id":"https:\/\/caravanagrupoeditorial.com\/#website","url":"https:\/\/caravanagrupoeditorial.com\/","name":"Cat\u00e1logo - Kuntur Editorial","description":"","publisher":{"@id":"https:\/\/caravanagrupoeditorial.com\/#organization"},"potentialAction":[{"@type":"SearchAction","target":{"@type":"EntryPoint","urlTemplate":"https:\/\/caravanagrupoeditorial.com\/?s={search_term_string}"},"query-input":{"@type":"PropertyValueSpecification","valueRequired":true,"valueName":"search_term_string"}}],"inLanguage":"es-PE"},{"@type":"Organization","@id":"https:\/\/caravanagrupoeditorial.com\/#organization","name":"Cat\u00e1logo - Kuntur Editorial","url":"https:\/\/caravanagrupoeditorial.com\/","logo":{"@type":"ImageObject","inLanguage":"es-PE","@id":"https:\/\/caravanagrupoeditorial.com\/#\/schema\/logo\/image\/","url":"https:\/\/caravanagrupoeditorial.com\/wp-content\/uploads\/2024\/02\/cropped-Logo_Caravana.png","contentUrl":"https:\/\/caravanagrupoeditorial.com\/wp-content\/uploads\/2024\/02\/cropped-Logo_Caravana.png","width":512,"height":512,"caption":"Caravana Grupo Editorial"},"image":{"@id":"https:\/\/caravanagrupoeditorial.com\/#\/schema\/logo\/image\/"},"sameAs":["https:\/\/www.facebook.com\/caravanagrupoeditorial","https:\/\/www.instagram.com\/caravanagrupoeditorial\/?hl=pt-br","https:\/\/www.youtube.com\/channel\/UCdD-xosEkpHCeRn2nDLiXfQ"]},{"@type":"Person","@id":"https:\/\/caravanagrupoeditorial.com\/#\/schema\/person\/abf39d87b39b20bc7acbebdea985becc","name":"Web Designer","image":{"@type":"ImageObject","inLanguage":"es-PE","@id":"https:\/\/secure.gravatar.com\/avatar\/c7be9c0222f263eb34acb5623f9380ff97b339f48774cd9131eca6db48413710?s=96&d=mm&r=g","url":"https:\/\/secure.gravatar.com\/avatar\/c7be9c0222f263eb34acb5623f9380ff97b339f48774cd9131eca6db48413710?s=96&d=mm&r=g","contentUrl":"https:\/\/secure.gravatar.com\/avatar\/c7be9c0222f263eb34acb5623f9380ff97b339f48774cd9131eca6db48413710?s=96&d=mm&r=g","caption":"Web Designer"},"sameAs":["https:\/\/caravanagrupoeditorial.com"],"url":"https:\/\/caravanagrupoeditorial.com\/es\/author\/caravanagrupoedi\/"}]}},"jetpack_sharing_enabled":true,"jetpack_featured_media_url":"https:\/\/i0.wp.com\/caravanagrupoeditorial.com\/wp-content\/uploads\/2026\/09\/Banner.png?fit=1080%2C1080&ssl=1","_links":{"self":[{"href":"https:\/\/caravanagrupoeditorial.com\/es\/wp-json\/wp\/v2\/posts\/1117617","targetHints":{"allow":["GET"]}}],"collection":[{"href":"https:\/\/caravanagrupoeditorial.com\/es\/wp-json\/wp\/v2\/posts"}],"about":[{"href":"https:\/\/caravanagrupoeditorial.com\/es\/wp-json\/wp\/v2\/types\/post"}],"author":[{"embeddable":true,"href":"https:\/\/caravanagrupoeditorial.com\/es\/wp-json\/wp\/v2\/users\/1"}],"replies":[{"embeddable":true,"href":"https:\/\/caravanagrupoeditorial.com\/es\/wp-json\/wp\/v2\/comments?post=1117617"}],"version-history":[{"count":1,"href":"https:\/\/caravanagrupoeditorial.com\/es\/wp-json\/wp\/v2\/posts\/1117617\/revisions"}],"predecessor-version":[{"id":1117620,"href":"https:\/\/caravanagrupoeditorial.com\/es\/wp-json\/wp\/v2\/posts\/1117617\/revisions\/1117620"}],"wp:featuredmedia":[{"embeddable":true,"href":"https:\/\/caravanagrupoeditorial.com\/es\/wp-json\/wp\/v2\/media\/1117618"}],"wp:attachment":[{"href":"https:\/\/caravanagrupoeditorial.com\/es\/wp-json\/wp\/v2\/media?parent=1117617"}],"wp:term":[{"taxonomy":"category","embeddable":true,"href":"https:\/\/caravanagrupoeditorial.com\/es\/wp-json\/wp\/v2\/categories?post=1117617"},{"taxonomy":"post_tag","embeddable":true,"href":"https:\/\/caravanagrupoeditorial.com\/es\/wp-json\/wp\/v2\/tags?post=1117617"}],"curies":[{"name":"wp","href":"https:\/\/api.w.org\/{rel}","templated":true}]}}